[{"@context":"https:\/\/schema.org\/","@type":"Blog","@id":"https:\/\/www.daedo.cz#Blog","headline":"Daedo","description":"\nNa\u0161e internetov\u00e1 str\u00e1nka v\u00e1m nejednou skute\u010dn\u011b p\u0159\u00edjemn\u011b oko\u0159en\u00ed \u017eivot. V \u010dem\u017e je tato lep\u0161\u00ed ne\u017e leckdo jin\u00fd, kdo v\u00e1m to leda tak oslad\u00ed nebo v\u00e1s \u201aosol\u00ed\u2018.","url":"https:\/\/www.daedo.cz","hasPart":[{"@type":"Article","@id":"https:\/\/www.daedo.cz\/romantika-s-manzelkou\/","headline":"Romantika s man\u017eelkou","url":"https:\/\/www.daedo.cz\/romantika-s-manzelkou\/","datePublished":"2025-07-01","dateModified":"2025-07-01","mainEntityOfPage":"https:\/\/www.daedo.cz\/romantika-s-manzelkou\/","author":{"@type":"Person","@id":"https:\/\/www.daedo.cz\/author\/#Person","name":"","url":"https:\/\/www.daedo.cz\/author\/","identifier":1,"image":{"@type":"ImageObject","@id":"https:\/\/secure.gravatar.com\/avatar\/4faace62981be50719be6a25151192978e6d585737a520836dcb98934de3bb45?s=96&d=mm&r=g","url":"https:\/\/secure.gravatar.com\/avatar\/4faace62981be50719be6a25151192978e6d585737a520836dcb98934de3bb45?s=96&d=mm&r=g","height":96,"width":96}},"publisher":{"@type":"Organization","name":"daedo.cz","logo":{"@type":"ImageObject","@id":"\/logo.png","url":"\/logo.png","width":600,"height":60}},"image":{"@type":"ImageObject","@id":"https:\/\/www.daedo.cz\/wp-content\/uploads\/beach-7358165_640.jpg","url":"https:\/\/www.daedo.cz\/wp-content\/uploads\/beach-7358165_640.jpg","height":0,"width":0},"wordCount":575,"keywords":null},{"@type":"Article","@id":"https:\/\/www.daedo.cz\/co-nas-ceka-po-padesatce-treba-problemy-s-erekci\/","headline":"Co n\u00e1s \u010dek\u00e1 po pades\u00e1tce? T\u0159eba probl\u00e9my s erekc\u00ed","url":"https:\/\/www.daedo.cz\/co-nas-ceka-po-padesatce-treba-problemy-s-erekci\/","datePublished":"2025-06-09","dateModified":"2025-06-09","mainEntityOfPage":"https:\/\/www.daedo.cz\/co-nas-ceka-po-padesatce-treba-problemy-s-erekci\/","author":{"@type":"Person","@id":"https:\/\/www.daedo.cz\/author\/#Person","name":"","url":"https:\/\/www.daedo.cz\/author\/","identifier":1,"image":{"@type":"ImageObject","@id":"https:\/\/secure.gravatar.com\/avatar\/4faace62981be50719be6a25151192978e6d585737a520836dcb98934de3bb45?s=96&d=mm&r=g","url":"https:\/\/secure.gravatar.com\/avatar\/4faace62981be50719be6a25151192978e6d585737a520836dcb98934de3bb45?s=96&d=mm&r=g","height":96,"width":96}},"publisher":{"@type":"Organization","name":"daedo.cz","logo":{"@type":"ImageObject","@id":"\/logo.png","url":"\/logo.png","width":600,"height":60}},"image":{"@type":"ImageObject","@id":"https:\/\/www.daedo.cz\/wp-content\/uploads\/deon-black-Y4N5pisWlEw-unsplash_1.jpg","url":"https:\/\/www.daedo.cz\/wp-content\/uploads\/deon-black-Y4N5pisWlEw-unsplash_1.jpg","height":0,"width":0},"wordCount":587,"keywords":null},{"@type":"Article","@id":"https:\/\/www.daedo.cz\/direkt-mail\/","headline":"Direkt mail","url":"https:\/\/www.daedo.cz\/direkt-mail\/","datePublished":"2025-04-24","dateModified":"2025-04-24","mainEntityOfPage":"https:\/\/www.daedo.cz\/direkt-mail\/","author":{"@type":"Person","@id":"https:\/\/www.daedo.cz\/author\/#Person","name":"","url":"https:\/\/www.daedo.cz\/author\/","identifier":1,"image":{"@type":"ImageObject","@id":"https:\/\/secure.gravatar.com\/avatar\/4faace62981be50719be6a25151192978e6d585737a520836dcb98934de3bb45?s=96&d=mm&r=g","url":"https:\/\/secure.gravatar.com\/avatar\/4faace62981be50719be6a25151192978e6d585737a520836dcb98934de3bb45?s=96&d=mm&r=g","height":96,"width":96}},"publisher":{"@type":"Organization","name":"daedo.cz","logo":{"@type":"ImageObject","@id":"\/logo.png","url":"\/logo.png","width":600,"height":60}},"image":null,"wordCount":207,"keywords":null},{"@type":"Article","@id":"https:\/\/www.daedo.cz\/copak-koupit-kamaradce-k-narozeninam\/","headline":"Copak koupit kamar\u00e1dce k narozenin\u00e1m?","url":"https:\/\/www.daedo.cz\/copak-koupit-kamaradce-k-narozeninam\/","datePublished":"2025-04-20","dateModified":"2025-04-20","mainEntityOfPage":"https:\/\/www.daedo.cz\/copak-koupit-kamaradce-k-narozeninam\/","author":{"@type":"Person","@id":"https:\/\/www.daedo.cz\/author\/#Person","name":"","url":"https:\/\/www.daedo.cz\/author\/","identifier":1,"image":{"@type":"ImageObject","@id":"https:\/\/secure.gravatar.com\/avatar\/4faace62981be50719be6a25151192978e6d585737a520836dcb98934de3bb45?s=96&d=mm&r=g","url":"https:\/\/secure.gravatar.com\/avatar\/4faace62981be50719be6a25151192978e6d585737a520836dcb98934de3bb45?s=96&d=mm&r=g","height":96,"width":96}},"publisher":{"@type":"Organization","name":"daedo.cz","logo":{"@type":"ImageObject","@id":"\/logo.png","url":"\/logo.png","width":600,"height":60}},"image":null,"wordCount":217,"keywords":null},{"@type":"Article","@id":"https:\/\/www.daedo.cz\/vyuzijte-chorvatsko-k-rodinne-dovolene\/","headline":"Vyu\u017eijte Chorvatsko k rodinn\u00e9 dovolen\u00e9","url":"https:\/\/www.daedo.cz\/vyuzijte-chorvatsko-k-rodinne-dovolene\/","datePublished":"2025-04-11","dateModified":"2025-04-11","mainEntityOfPage":"https:\/\/www.daedo.cz\/vyuzijte-chorvatsko-k-rodinne-dovolene\/","author":{"@type":"Person","@id":"https:\/\/www.daedo.cz\/author\/#Person","name":"","url":"https:\/\/www.daedo.cz\/author\/","identifier":1,"image":{"@type":"ImageObject","@id":"https:\/\/secure.gravatar.com\/avatar\/4faace62981be50719be6a25151192978e6d585737a520836dcb98934de3bb45?s=96&d=mm&r=g","url":"https:\/\/secure.gravatar.com\/avatar\/4faace62981be50719be6a25151192978e6d585737a520836dcb98934de3bb45?s=96&d=mm&r=g","height":96,"width":96}},"publisher":{"@type":"Organization","name":"daedo.cz","logo":{"@type":"ImageObject","@id":"\/logo.png","url":"\/logo.png","width":600,"height":60}},"image":null,"wordCount":225,"keywords":null},{"@type":"Article","@id":"https:\/\/www.daedo.cz\/proc-nas-prace-na-soustruhu-bavi\/","headline":"Pro\u010d n\u00e1s pr\u00e1ce na soustruhu bav\u00ed","url":"https:\/\/www.daedo.cz\/proc-nas-prace-na-soustruhu-bavi\/","datePublished":"2025-04-08","dateModified":"2025-04-08","mainEntityOfPage":"https:\/\/www.daedo.cz\/proc-nas-prace-na-soustruhu-bavi\/","author":{"@type":"Person","@id":"https:\/\/www.daedo.cz\/author\/#Person","name":"","url":"https:\/\/www.daedo.cz\/author\/","identifier":1,"image":{"@type":"ImageObject","@id":"https:\/\/secure.gravatar.com\/avatar\/4faace62981be50719be6a25151192978e6d585737a520836dcb98934de3bb45?s=96&d=mm&r=g","url":"https:\/\/secure.gravatar.com\/avatar\/4faace62981be50719be6a25151192978e6d585737a520836dcb98934de3bb45?s=96&d=mm&r=g","height":96,"width":96}},"publisher":{"@type":"Organization","name":"daedo.cz","logo":{"@type":"ImageObject","@id":"\/logo.png","url":"\/logo.png","width":600,"height":60}},"image":{"@type":"ImageObject","@id":"https:\/\/www.daedo.cz\/wp-content\/uploads\/ancient-craft-4229823_640_4.jpg","url":"https:\/\/www.daedo.cz\/wp-content\/uploads\/ancient-craft-4229823_640_4.jpg","height":0,"width":0},"wordCount":578,"keywords":null},{"@type":"Article","@id":"https:\/\/www.daedo.cz\/kam-vyrazite-na-dovolenou\/","headline":"Kam vyraz\u00edte na dovolenou?","url":"https:\/\/www.daedo.cz\/kam-vyrazite-na-dovolenou\/","datePublished":"2025-04-08","dateModified":"2025-04-08","mainEntityOfPage":"https:\/\/www.daedo.cz\/kam-vyrazite-na-dovolenou\/","author":{"@type":"Person","@id":"https:\/\/www.daedo.cz\/author\/#Person","name":"","url":"https:\/\/www.daedo.cz\/author\/","identifier":1,"image":{"@type":"ImageObject","@id":"https:\/\/secure.gravatar.com\/avatar\/4faace62981be50719be6a25151192978e6d585737a520836dcb98934de3bb45?s=96&d=mm&r=g","url":"https:\/\/secure.gravatar.com\/avatar\/4faace62981be50719be6a25151192978e6d585737a520836dcb98934de3bb45?s=96&d=mm&r=g","height":96,"width":96}},"publisher":{"@type":"Organization","name":"daedo.cz","logo":{"@type":"ImageObject","@id":"\/logo.png","url":"\/logo.png","width":600,"height":60}},"image":{"@type":"ImageObject","@id":"https:\/\/www.daedo.cz\/wp-content\/uploads\/pexels-stefanstefancik-108120.jpg","url":"https:\/\/www.daedo.cz\/wp-content\/uploads\/pexels-stefanstefancik-108120.jpg","height":0,"width":0},"wordCount":570,"keywords":null},{"@type":"Article","@id":"https:\/\/www.daedo.cz\/nebojte-se-parkovani\/","headline":"Nebojte se parkov\u00e1n\u00ed","url":"https:\/\/www.daedo.cz\/nebojte-se-parkovani\/","datePublished":"2025-04-05","dateModified":"2025-04-05","mainEntityOfPage":"https:\/\/www.daedo.cz\/nebojte-se-parkovani\/","author":{"@type":"Person","@id":"https:\/\/www.daedo.cz\/author\/#Person","name":"","url":"https:\/\/www.daedo.cz\/author\/","identifier":1,"image":{"@type":"ImageObject","@id":"https:\/\/secure.gravatar.com\/avatar\/4faace62981be50719be6a25151192978e6d585737a520836dcb98934de3bb45?s=96&d=mm&r=g","url":"https:\/\/secure.gravatar.com\/avatar\/4faace62981be50719be6a25151192978e6d585737a520836dcb98934de3bb45?s=96&d=mm&r=g","height":96,"width":96}},"publisher":{"@type":"Organization","name":"daedo.cz","logo":{"@type":"ImageObject","@id":"\/logo.png","url":"\/logo.png","width":600,"height":60}},"image":null,"wordCount":215,"keywords":null},{"@type":"Article","@id":"https:\/\/www.daedo.cz\/nakupujte-nase-autoskla\/","headline":"Nakupujte na\u0161e autoskla","url":"https:\/\/www.daedo.cz\/nakupujte-nase-autoskla\/","datePublished":"2025-03-26","dateModified":"2025-03-26","mainEntityOfPage":"https:\/\/www.daedo.cz\/nakupujte-nase-autoskla\/","author":{"@type":"Person","@id":"https:\/\/www.daedo.cz\/author\/#Person","name":"","url":"https:\/\/www.daedo.cz\/author\/","identifier":1,"image":{"@type":"ImageObject","@id":"https:\/\/secure.gravatar.com\/avatar\/4faace62981be50719be6a25151192978e6d585737a520836dcb98934de3bb45?s=96&d=mm&r=g","url":"https:\/\/secure.gravatar.com\/avatar\/4faace62981be50719be6a25151192978e6d585737a520836dcb98934de3bb45?s=96&d=mm&r=g","height":96,"width":96}},"publisher":{"@type":"Organization","name":"daedo.cz","logo":{"@type":"ImageObject","@id":"\/logo.png","url":"\/logo.png","width":600,"height":60}},"image":null,"wordCount":230,"keywords":null},{"@type":"Article","@id":"https:\/\/www.daedo.cz\/konopi-ve-forme-masti-nebo-kremu\/","headline":"Konop\u00ed ve form\u011b mast\u00ed nebo kr\u00e9m\u016f","url":"https:\/\/www.daedo.cz\/konopi-ve-forme-masti-nebo-kremu\/","datePublished":"2025-03-20","dateModified":"2025-03-20","mainEntityOfPage":"https:\/\/www.daedo.cz\/konopi-ve-forme-masti-nebo-kremu\/","author":{"@type":"Person","@id":"https:\/\/www.daedo.cz\/author\/#Person","name":"","url":"https:\/\/www.daedo.cz\/author\/","identifier":1,"image":{"@type":"ImageObject","@id":"https:\/\/secure.gravatar.com\/avatar\/4faace62981be50719be6a25151192978e6d585737a520836dcb98934de3bb45?s=96&d=mm&r=g","url":"https:\/\/secure.gravatar.com\/avatar\/4faace62981be50719be6a25151192978e6d585737a520836dcb98934de3bb45?s=96&d=mm&r=g","height":96,"width":96}},"publisher":{"@type":"Organization","name":"daedo.cz","logo":{"@type":"ImageObject","@id":"\/logo.png","url":"\/logo.png","width":600,"height":60}},"image":null,"wordCount":231,"keywords":null}]},{"@context":"https:\/\/schema.org","@type":"WebSite","@id":"https:\/\/www.daedo.cz\/#website","name":"Daedo","url":"https:\/\/www.daedo.cz","potentialAction":{"@type":"SearchAction","target":"https:\/\/www.daedo.cz\/?s={search_term_string}","query-input":"required name=search_term_string"}}]